{"id":11314,"date":"2025-03-03T15:50:08","date_gmt":"2025-03-03T20:50:08","guid":{"rendered":"https:\/\/clinicaguane.gov.co\/guane\/?p=11314"},"modified":"2025-03-03T15:50:11","modified_gmt":"2025-03-03T20:50:11","slug":"boletin-de-prensa-clinica-guane-expide-certificado-internacional-contra-la-fiebre-amarilla-gratis","status":"publish","type":"post","link":"https:\/\/clinicaguane.gov.co\/guane\/boletin-de-prensa-clinica-guane-expide-certificado-internacional-contra-la-fiebre-amarilla-gratis\/","title":{"rendered":"Bolet\u00edn de Prensa: Cl\u00ednica Guane expide Certificado Internacional contra la Fiebre Amarilla Gratis"},"content":{"rendered":"\n<h3 style=\"text-align: justify;\">Viajeros, en la E.S.E. Cl\u00ednica Guane pueden solicitar su Carn\u00e9 Internacional contra la Fiebre Amarilla de forma gratuita y sin necesidad de desplazarse hasta otros municipios del \u00e1rea metropolitana de Bucaramanga. Este es un documento es exigido, seg\u00fan el destino, por las autoridades migratorias para salir e ingresar al pa\u00eds.<\/h3>\n<h3 style=\"text-align: justify;\">Con la aplicaci\u00f3n de este biol\u00f3gico, las personas previenen una enfermedad de tipo infecciosa viral que se trasmite por la picadura de un mosquito especialmente en zonas tropicales como \u00c1frica, Centro Am\u00e9rica y Sudam\u00e9rica. Esta afecci\u00f3n de salud es grave, puede causar hasta la muerte, sin embargo, es prevenible con la aplicaci\u00f3n de la vacuna.<\/h3>\n<h3 style=\"text-align: justify;\"><em>Requisitos para obtener el certificado:<\/em><\/h3>\n<h3 style=\"text-align: justify;\">\u2022\u00a0\u00a0\u00a0\u00a0\u00a0\u00a0\u00a0 Fotocopia del documento de identidad.<\/h3>\n<h3 style=\"text-align: justify;\">\u2022\u00a0\u00a0\u00a0\u00a0\u00a0\u00a0\u00a0 Carn\u00e9 de vacunaci\u00f3n que acredite la aplicaci\u00f3n del biol\u00f3gico.<\/h3>\n<h3 style=\"text-align: justify;\">\u2022\u00a0\u00a0\u00a0\u00a0\u00a0\u00a0\u00a0 Dirigirse a la calle 4 #7\u201301 en Floridablanca, sede principal de la E.S.E Cl\u00ednica Guane los d\u00edas martes y jueves.<\/h3>\n<h3 style=\"text-align: justify;\">Es importante aclarar que la aplicaci\u00f3n del biol\u00f3gico se puede realizar en la E.S.E. Cl\u00ednica Guane o en los Centros de Salud en los horarios correspondientes, y s\u00f3lo en la Cl\u00ednica Guane se expedir\u00e1 el Certificado Internacional contra la fiebre amarilla.<\/h3>\n<h3 style=\"text-align: justify;\">\u00a0<\/h3>\n<ul style=\"text-align: justify;\">\n<li>\n<h3>Centro de Salud Jos\u00e9 A. Morales (lunes 8:00 a.m. \u2013 12:00 m.) (1:00 p.m.\u2013 4:00 p.m.)<\/h3>\n<\/li>\n<li>\n<h3>Centro de Salud Reposo (martes 8:00 a.m. \u2013 12:00 m.) (1:00 p.m.\u2013 4:00 p.m.)<\/h3>\n<\/li>\n<li>\n<h3>Centro de Salud Villabel (mi\u00e9rcoles 8:00 a.m. \u2013 12:00 m.) (1:00 p.m.\u2013 4:00 p.m.)<\/h3>\n<\/li>\n<li>\n<h3>Centro de Salud Cumbre (jueves 8:00 a.m. \u2013 12:00 m.) (1:00 p.m.\u2013 4:00 p.m.)<\/h3>\n<\/li>\n<li>\n<h3>E.S. E Cl\u00ednica Guane (viernes 8:00 a.m. \u2013 12:00 m.) (1:00 p.m.\u2013 4:00 p.m.)\u00a0\u00a0<\/h3>\n<\/li>\n<\/ul>\n<h3 style=\"text-align: justify;\">\u00a0<\/h3>\n<h3 style=\"text-align: justify;\">\u201cEstamos facilitando dos d\u00edas a la semana, martes y jueves, para la expedici\u00f3n del carn\u00e9 amarillo porque en esta \u00e9poca la afluencia de personas solicitando el certificado es bastante y es un documento indispensable para los viajeros de orden internacional\u201d, indic\u00f3 Kelly Johanna Guadr\u00f3n, enfermera jefe, coordinadora del Programa Ampliado de Inmunizaciones, PAI.<\/h3>\n<h3 style=\"text-align: justify;\"><em>Para tener en cuenta:<\/em><\/h3>\n<h3 style=\"text-align: justify;\">\u2022\u00a0\u00a0\u00a0\u00a0\u00a0\u00a0\u00a0 Vacunarse 10 d\u00edas antes de su viaje si su destino es a zonas estipuladas por el Ministerio de Salud y las determinadas por la Organizaci\u00f3n Mundial de la Salud y Organizaci\u00f3n Panamericana de la Salud a nivel mundial.<\/h3>\n<h3 style=\"text-align: justify;\">\u2022\u00a0\u00a0\u00a0\u00a0\u00a0\u00a0\u00a0 La vacuna se aplica desde los 18 meses de edad hasta los 60 a\u00f1os.<\/h3>\n<h3 style=\"text-align: justify;\">\u2022\u00a0\u00a0\u00a0\u00a0\u00a0\u00a0\u00a0 En Colombia esta vacuna es de dosis \u00fanica.<\/h3>\n<div id=\"attachment_11312\" style=\"width: 449px\" class=\"wp-caption aligncenter\"><a href=\"http:\/\/clinicaguane.gov.co\/guane\/wp-content\/uploads\/2025\/03\/fiebre-amarilla.jpg\"><img aria-describedby=\"caption-attachment-11312\" loading=\"lazy\" id=\"longdesc-return-11312\" class=\" wp-image-11312\" tabindex=\"-1\" src=\"http:\/\/clinicaguane.gov.co\/guane\/wp-content\/uploads\/2025\/03\/fiebre-amarilla.jpg\" alt=\"Vacunaci\u00f3n Fiebre amarilla\" width=\"439\" height=\"329\" longdesc=\"https:\/\/clinicaguane.gov.co\/guane?longdesc=11312&amp;referrer=11314\" srcset=\"https:\/\/clinicaguane.gov.co\/guane\/wp-content\/uploads\/2025\/03\/fiebre-amarilla.jpg 1375w, https:\/\/clinicaguane.gov.co\/guane\/wp-content\/uploads\/2025\/03\/fiebre-amarilla-300x225.jpg 300w, https:\/\/clinicaguane.gov.co\/guane\/wp-content\/uploads\/2025\/03\/fiebre-amarilla-1024x768.jpg 1024w, https:\/\/clinicaguane.gov.co\/guane\/wp-content\/uploads\/2025\/03\/fiebre-amarilla-768x576.jpg 768w, https:\/\/clinicaguane.gov.co\/guane\/wp-content\/uploads\/2025\/03\/fiebre-amarilla-463x348.jpg 463w, https:\/\/clinicaguane.gov.co\/guane\/wp-content\/uploads\/2025\/03\/fiebre-amarilla-640x480.jpg 640w, https:\/\/clinicaguane.gov.co\/guane\/wp-content\/uploads\/2025\/03\/fiebre-amarilla-400x300.jpg 400w, https:\/\/clinicaguane.gov.co\/guane\/wp-content\/uploads\/2025\/03\/fiebre-amarilla-367x275.jpg 367w, https:\/\/clinicaguane.gov.co\/guane\/wp-content\/uploads\/2025\/03\/fiebre-amarilla-200x150.jpg 200w\" sizes=\"(max-width: 439px) 100vw, 439px\" \/><\/a><p id=\"caption-attachment-11312\" class=\"wp-caption-text\">Vacunaci\u00f3n Fiebre amarilla<\/p><\/div>\n<p>\u00a0<\/p>\n<h1><em>Prensa y Comunicaciones <\/em><\/h1>\n<h1><em>E.S.E. CL\u00cdNICA GUANE Y SUS RIS<\/em><\/h1>\n<p>\u00a0<\/p>\n<p>\u00a0<\/p>\n<p>\u00a0<\/p>\n","protected":false},"excerpt":{"rendered":"<p>Viajeros, en la E.S.E. Cl\u00ednica Guane pueden solicitar su Carn\u00e9 Internacional contra la Fiebre Amarilla de forma gratuita y sin necesidad de desplazarse hasta otros municipios del \u00e1rea metropolitana de Bucaramanga. Este es un documento es exigido, seg\u00fan el destino, por las autoridades migratorias para salir e ingresar al pa\u00eds. Con la aplicaci\u00f3n de este [&hellip;]<\/p>\n","protected":false},"author":2,"featured_media":0,"comment_status":"open","ping_status":"open","sticky":false,"template":"","format":"standard","meta":{"_exactmetrics_skip_tracking":false,"_exactmetrics_sitenote_active":false,"_exactmetrics_sitenote_note":"","_exactmetrics_sitenote_category":0},"categories":[1,5],"tags":[],"_links":{"self":[{"href":"https:\/\/clinicaguane.gov.co\/guane\/wp-json\/wp\/v2\/posts\/11314"}],"collection":[{"href":"https:\/\/clinicaguane.gov.co\/guane\/wp-json\/wp\/v2\/posts"}],"about":[{"href":"https:\/\/clinicaguane.gov.co\/guane\/wp-json\/wp\/v2\/types\/post"}],"author":[{"embeddable":true,"href":"https:\/\/clinicaguane.gov.co\/guane\/wp-json\/wp\/v2\/users\/2"}],"replies":[{"embeddable":true,"href":"https:\/\/clinicaguane.gov.co\/guane\/wp-json\/wp\/v2\/comments?post=11314"}],"version-history":[{"count":1,"href":"https:\/\/clinicaguane.gov.co\/guane\/wp-json\/wp\/v2\/posts\/11314\/revisions"}],"predecessor-version":[{"id":11315,"href":"https:\/\/clinicaguane.gov.co\/guane\/wp-json\/wp\/v2\/posts\/11314\/revisions\/11315"}],"wp:attachment":[{"href":"https:\/\/clinicaguane.gov.co\/guane\/wp-json\/wp\/v2\/media?parent=11314"}],"wp:term":[{"taxonomy":"category","embeddable":true,"href":"https:\/\/clinicaguane.gov.co\/guane\/wp-json\/wp\/v2\/categories?post=11314"},{"taxonomy":"post_tag","embeddable":true,"href":"https:\/\/clinicaguane.gov.co\/guane\/wp-json\/wp\/v2\/tags?post=11314"}],"curies":[{"name":"wp","href":"https:\/\/api.w.org\/{rel}","templated":true}]}}