{"id":3170,"date":"2014-08-21T03:29:41","date_gmt":"2014-08-21T03:29:41","guid":{"rendered":"http:\/\/clinicaguane.gov.co\/guane\/?p=3170"},"modified":"2014-08-21T03:33:06","modified_gmt":"2014-08-21T03:33:06","slug":"el-sabado-30-de-agosto-la-clinica-guane-le-dice-si-a-la-jornada-nacional-de-vacunacion","status":"publish","type":"post","link":"https:\/\/clinicaguane.gov.co\/guane\/el-sabado-30-de-agosto-la-clinica-guane-le-dice-si-a-la-jornada-nacional-de-vacunacion\/","title":{"rendered":"\u00a1El s\u00e1bado 30 de agosto, la Cl\u00ednica Guane le dice s\u00ed a la jornada nacional de vacunaci\u00f3n!"},"content":{"rendered":"<p><a href=\"http:\/\/clinicaguane.gov.co\/guane\/wp-content\/uploads\/2014\/08\/wpid-vacunacion-ni\u00f1os.gif.gif\"><img title=\"vacunacion-ni\u00f1os.gif\" class=\"aligncenter size-full\" alt=\"image\" src=\"http:\/\/clinicaguane.gov.co\/guane\/wp-content\/uploads\/2014\/08\/wpid-vacunacion-ni\u00f1os.gif.gif\" \/><\/a> <\/p>\n<p>La Cl\u00ednica Guane y su Red Integral de Servicios&nbsp; se unen a la jornada nacional de vacunaci\u00f3n \u201cD\u00eda de ponerse al d\u00eda\u201d que se realizar\u00e1 el pr\u00f3ximo s\u00e1bado 30 de agosto, con el prop\u00f3sito de intensificar la vacunaci\u00f3n en: poblaci\u00f3n infantil menor de 6 a\u00f1os, adultos de 60 a\u00f1os en adelante, madres gestantes, ni\u00f1as de grados cuarto a once entre 9 y 20 a\u00f1os y ni\u00f1as no escolarizadas entre 9 y 17 a\u00f1os, con dosis de virus de papiloma humano (VPH).<\/p>\n<p>La comunidad podr\u00e1 acudir de 8:00 a.m. a 4:00 p.m. a cualquiera de los centros de salud de la Cl\u00ednica Guane, en los barrios; La Cumbre, El Reposo, La Trinidad, Jos\u00e9 A. Morales y Zapamanga II y IV etapa. Igualmente, se dispondr\u00e1 de un punto de vacunaci\u00f3n en el parque principal.&nbsp;<br \/>\nLa jornada es gratuita, \u00a1No dejes pasar esta oportunidad!<\/p>\n","protected":false},"excerpt":{"rendered":"<p>La Cl\u00ednica Guane y su Red Integral de Servicios&nbsp; se unen a la jornada nacional de vacunaci\u00f3n \u201cD\u00eda de ponerse al d\u00eda\u201d que se realizar\u00e1 el pr\u00f3ximo s\u00e1bado 30 de agosto, con el prop\u00f3sito de intensificar la vacunaci\u00f3n en: poblaci\u00f3n infantil menor de 6 a\u00f1os, adultos de 60 a\u00f1os en adelante, madres gestantes, ni\u00f1as de [&hellip;]<\/p>\n","protected":false},"author":2,"featured_media":3172,"comment_status":"open","ping_status":"open","sticky":false,"template":"","format":"standard","meta":{"_exactmetrics_skip_tracking":false,"_exactmetrics_sitenote_active":false,"_exactmetrics_sitenote_note":"","_exactmetrics_sitenote_category":0},"categories":[5,13],"tags":[],"_links":{"self":[{"href":"https:\/\/clinicaguane.gov.co\/guane\/wp-json\/wp\/v2\/posts\/3170"}],"collection":[{"href":"https:\/\/clinicaguane.gov.co\/guane\/wp-json\/wp\/v2\/posts"}],"about":[{"href":"https:\/\/clinicaguane.gov.co\/guane\/wp-json\/wp\/v2\/types\/post"}],"author":[{"embeddable":true,"href":"https:\/\/clinicaguane.gov.co\/guane\/wp-json\/wp\/v2\/users\/2"}],"replies":[{"embeddable":true,"href":"https:\/\/clinicaguane.gov.co\/guane\/wp-json\/wp\/v2\/comments?post=3170"}],"version-history":[{"count":2,"href":"https:\/\/clinicaguane.gov.co\/guane\/wp-json\/wp\/v2\/posts\/3170\/revisions"}],"predecessor-version":[{"id":3173,"href":"https:\/\/clinicaguane.gov.co\/guane\/wp-json\/wp\/v2\/posts\/3170\/revisions\/3173"}],"wp:featuredmedia":[{"embeddable":true,"href":"https:\/\/clinicaguane.gov.co\/guane\/wp-json\/wp\/v2\/media\/3172"}],"wp:attachment":[{"href":"https:\/\/clinicaguane.gov.co\/guane\/wp-json\/wp\/v2\/media?parent=3170"}],"wp:term":[{"taxonomy":"category","embeddable":true,"href":"https:\/\/clinicaguane.gov.co\/guane\/wp-json\/wp\/v2\/categories?post=3170"},{"taxonomy":"post_tag","embeddable":true,"href":"https:\/\/clinicaguane.gov.co\/guane\/wp-json\/wp\/v2\/tags?post=3170"}],"curies":[{"name":"wp","href":"https:\/\/api.w.org\/{rel}","templated":true}]}}