{"id":3799,"date":"2015-04-23T05:00:41","date_gmt":"2015-04-23T05:00:41","guid":{"rendered":"http:\/\/clinicaguane.gov.co\/guane\/?p=3799"},"modified":"2015-04-22T14:51:48","modified_gmt":"2015-04-22T14:51:48","slug":"clinica-guane-invita-a-la-jornada-nacional-de-vacunacion-este-25-de-abril","status":"publish","type":"post","link":"https:\/\/clinicaguane.gov.co\/guane\/clinica-guane-invita-a-la-jornada-nacional-de-vacunacion-este-25-de-abril\/","title":{"rendered":"Cl\u00ednica Guane invita a la Jornada Nacional de Vacunaci\u00f3n, este 25 de abril"},"content":{"rendered":"<p>Con el objetivo de reducir la mortalidad en ni\u00f1os y ni\u00f1as menores de 5 a\u00f1os y promover la Atenci\u00f3n Integral a las Enfermedades Prevalentes de la Infancia \u2013AIEPI; La Cl\u00ednica Guane y su Red Integral de Servicios, se unen a la segunda Jornada Nacional de Vacunaci\u00f3n que se realizar\u00e1 este 25 de abril a nivel nacional.<\/p>\n<p>La Jornada se desarrollar\u00e1 a partir de las 8:00 de la ma\u00f1ana\u00a0 y hasta las 4:00 de la tarde en todos los centros de salud de la Cl\u00ednica Guane y un punto adicional en el parque principal.<\/p>\n<p>\u201cNuestro prop\u00f3sito es contribuir a una ciudad con ni\u00f1os sanos desde el momento de su nacimiento hasta los cinco a\u00f1os, con aplicaci\u00f3n de todo el cuadro de vacunaci\u00f3n requerido\u201d, indico la gerente de la E.S.E Cl\u00ednica Guane, Liz Mateus Santamar\u00eda.<\/p>\n<p>Esta jornada, que llevar\u00e1 como slogan \u201c:\u201c\u00a1Refuerza tu poder! \u00a1Vac\u00fanate!\u201d\u201d, se pretende iniciar, continuar y finalizar esquemas de vacunaci\u00f3n y lograr cumplir las metas que para este a\u00f1o se han fijado en la aplicaci\u00f3n de biol\u00f3gicos por parte del Ministerio de Salud.<\/p>\n<p><strong>Poblaci\u00f3n prioritaria<\/strong><\/p>\n<p>Ni\u00f1os y ni\u00f1as entre 0 y 5 a\u00f1os.<br \/>\nMujeres gestantes a partir de la semana 14, para influenza estacional.<br \/>\nMujeres gestantes a partir de la semana 26, para vacunaci\u00f3n con una dosis de DPTA.<br \/>\nLos adultos mayores de 55 a\u00f1os tendr\u00e1n a su disposici\u00f3n la vacuna de la influenza y para los dem\u00e1s usuarios la de la fiebre amarilla.<\/p>\n","protected":false},"excerpt":{"rendered":"<p>Con el objetivo de reducir la mortalidad en ni\u00f1os y ni\u00f1as menores de 5 a\u00f1os y promover la Atenci\u00f3n Integral a las Enfermedades Prevalentes de la Infancia \u2013AIEPI; La Cl\u00ednica Guane y su Red Integral de Servicios, se unen a la segunda Jornada Nacional de Vacunaci\u00f3n que se realizar\u00e1 este 25 de abril a nivel [&hellip;]<\/p>\n","protected":false},"author":2,"featured_media":3801,"comment_status":"open","ping_status":"open","sticky":false,"template":"","format":"standard","meta":{"_exactmetrics_skip_tracking":false,"_exactmetrics_sitenote_active":false,"_exactmetrics_sitenote_note":"","_exactmetrics_sitenote_category":0},"categories":[5,13],"tags":[],"_links":{"self":[{"href":"https:\/\/clinicaguane.gov.co\/guane\/wp-json\/wp\/v2\/posts\/3799"}],"collection":[{"href":"https:\/\/clinicaguane.gov.co\/guane\/wp-json\/wp\/v2\/posts"}],"about":[{"href":"https:\/\/clinicaguane.gov.co\/guane\/wp-json\/wp\/v2\/types\/post"}],"author":[{"embeddable":true,"href":"https:\/\/clinicaguane.gov.co\/guane\/wp-json\/wp\/v2\/users\/2"}],"replies":[{"embeddable":true,"href":"https:\/\/clinicaguane.gov.co\/guane\/wp-json\/wp\/v2\/comments?post=3799"}],"version-history":[{"count":3,"href":"https:\/\/clinicaguane.gov.co\/guane\/wp-json\/wp\/v2\/posts\/3799\/revisions"}],"predecessor-version":[{"id":3803,"href":"https:\/\/clinicaguane.gov.co\/guane\/wp-json\/wp\/v2\/posts\/3799\/revisions\/3803"}],"wp:featuredmedia":[{"embeddable":true,"href":"https:\/\/clinicaguane.gov.co\/guane\/wp-json\/wp\/v2\/media\/3801"}],"wp:attachment":[{"href":"https:\/\/clinicaguane.gov.co\/guane\/wp-json\/wp\/v2\/media?parent=3799"}],"wp:term":[{"taxonomy":"category","embeddable":true,"href":"https:\/\/clinicaguane.gov.co\/guane\/wp-json\/wp\/v2\/categories?post=3799"},{"taxonomy":"post_tag","embeddable":true,"href":"https:\/\/clinicaguane.gov.co\/guane\/wp-json\/wp\/v2\/tags?post=3799"}],"curies":[{"name":"wp","href":"https:\/\/api.w.org\/{rel}","templated":true}]}}