{"id":3936,"date":"2015-07-14T20:32:23","date_gmt":"2015-07-14T20:32:23","guid":{"rendered":"http:\/\/clinicaguane.gov.co\/guane\/?p=3936"},"modified":"2015-07-14T20:32:23","modified_gmt":"2015-07-14T20:32:23","slug":"la-clinica-guane-conmemoro-sus-17-anos-de-atencion-a-la-comunidad","status":"publish","type":"post","link":"https:\/\/clinicaguane.gov.co\/guane\/la-clinica-guane-conmemoro-sus-17-anos-de-atencion-a-la-comunidad\/","title":{"rendered":"La Cl\u00ednica Guane conmemor\u00f3 sus 17 a\u00f1os de atenci\u00f3n a la comunidad"},"content":{"rendered":"<p><a href=\"http:\/\/clinicaguane.gov.co\/guane\/wp-content\/uploads\/2015\/07\/wpid-dsc_0256.jpg\"><img title=\"DSC_0256.JPG\" class=\"alignnone size-full\"  alt=\"image\" src=\"http:\/\/clinicaguane.gov.co\/guane\/wp-content\/uploads\/2015\/07\/wpid-dsc_0256.jpg\" \/><\/a><\/p>\n<p>La Cl\u00ednica Guane y su red integral de servicios, conmemoraron 17 a\u00f1os al servicio de la comunidad, tiempo durante el cual han sido factor determinante en el mejoramiento de la calidad de vida de los floride\u00f1os.<\/p>\n<p>Para conmemorar esta importante fecha, sus directivas, lideradas por el alcalde Carlos Roberto \u00c1vila Aguilar y su gerente Liz Mateus Santamar\u00eda, concelebraron una solemne misa, oficiada por el p\u00e1rroco Sa\u00fal Hern\u00e1ndez Plata en el auditorio\u00a0 Pedro Chanag\u00e1, donde funcionarios administrativos, representantes de los usuarios y personal asistencial de la entidad\u00a0 se reunieron para brindar y desear un futuro pr\u00f3spero para este importante centro m\u00e9dico.<\/p>\n<p>Es importante destacar que la Cl\u00ednica Guane funciona\u00a0 en pleno coraz\u00f3n de Floridablanca y garantiza la atenci\u00f3n en la periferia a trav\u00e9s de sus centros de salud ubicados en los barrios: La Cumbre, Villabel, La Trinidad, El Reposo,\u00a0 Jos\u00e9 A. Morales, Zapamanga II y IV etapa, as\u00ed como el sector rural, en la vereda El Morti\u00f1o.<\/p>\n","protected":false},"excerpt":{"rendered":"<p>La Cl\u00ednica Guane y su red integral de servicios, conmemoraron 17 a\u00f1os al servicio de la comunidad, tiempo durante el cual han sido factor determinante en el mejoramiento de la calidad de vida de los floride\u00f1os. Para conmemorar esta importante fecha, sus directivas, lideradas por el alcalde Carlos Roberto \u00c1vila Aguilar y su gerente Liz [&hellip;]<\/p>\n","protected":false},"author":2,"featured_media":3935,"comment_status":"open","ping_status":"open","sticky":false,"template":"","format":"standard","meta":{"_exactmetrics_skip_tracking":false,"_exactmetrics_sitenote_active":false,"_exactmetrics_sitenote_note":"","_exactmetrics_sitenote_category":0},"categories":[5,13],"tags":[],"_links":{"self":[{"href":"https:\/\/clinicaguane.gov.co\/guane\/wp-json\/wp\/v2\/posts\/3936"}],"collection":[{"href":"https:\/\/clinicaguane.gov.co\/guane\/wp-json\/wp\/v2\/posts"}],"about":[{"href":"https:\/\/clinicaguane.gov.co\/guane\/wp-json\/wp\/v2\/types\/post"}],"author":[{"embeddable":true,"href":"https:\/\/clinicaguane.gov.co\/guane\/wp-json\/wp\/v2\/users\/2"}],"replies":[{"embeddable":true,"href":"https:\/\/clinicaguane.gov.co\/guane\/wp-json\/wp\/v2\/comments?post=3936"}],"version-history":[{"count":1,"href":"https:\/\/clinicaguane.gov.co\/guane\/wp-json\/wp\/v2\/posts\/3936\/revisions"}],"predecessor-version":[{"id":3937,"href":"https:\/\/clinicaguane.gov.co\/guane\/wp-json\/wp\/v2\/posts\/3936\/revisions\/3937"}],"wp:featuredmedia":[{"embeddable":true,"href":"https:\/\/clinicaguane.gov.co\/guane\/wp-json\/wp\/v2\/media\/3935"}],"wp:attachment":[{"href":"https:\/\/clinicaguane.gov.co\/guane\/wp-json\/wp\/v2\/media?parent=3936"}],"wp:term":[{"taxonomy":"category","embeddable":true,"href":"https:\/\/clinicaguane.gov.co\/guane\/wp-json\/wp\/v2\/categories?post=3936"},{"taxonomy":"post_tag","embeddable":true,"href":"https:\/\/clinicaguane.gov.co\/guane\/wp-json\/wp\/v2\/tags?post=3936"}],"curies":[{"name":"wp","href":"https:\/\/api.w.org\/{rel}","templated":true}]}}